{"id":373,"date":"2024-09-22T15:41:57","date_gmt":"2024-09-22T15:41:57","guid":{"rendered":"http:\/\/kupfer.r-noetzold.de\/?p=373"},"modified":"2024-09-22T15:55:48","modified_gmt":"2024-09-22T15:55:48","slug":"radierung-der-woche-109","status":"publish","type":"post","link":"http:\/\/kupfer.r-noetzold.de\/?p=373","title":{"rendered":"Radierung der Woche 109"},"content":{"rendered":"<div class=\"postie-post\">\n<div>\n<div class=\"moz-forward-container\">\n<div class=\"moz-forward-container\">          <meta http-equiv=\"content-type\"            content=\"text\/html; charset=utf-8\">          <\/p>\n<div class=\"moz-forward-container\">          <\/div>\n<div class=\"moz-forward-container\">            <\/p>\n<div class=\"moz-forward-container\">\n<div class=\"moz-forward-container\">\n<div class=\"moz-forward-container\">\n<div class=\"moz-forward-container\"><font size=\"+1\">RADIERUNG                      DER WOCHE \u00a0 &#8211; 109 &#8211;<\/font>                    <\/p>\n<div class=\"moz-forward-container\">\n<div class=\"moz-forward-container\">\n<div class=\"moz-forward-container\">\n<div class=\"moz-forward-container\">\n<div class=\"moz-forward-container\">\n<div class=\"moz-forward-container\">\n<div class=\"moz-forward-container\">\n<div class=\"moz-forward-container\"><font                                      size=\"+1\"> <\/font><font size=\"+1\"><br \/>                                    <\/font><\/div>\n<div class=\"moz-forward-container\"><font                                      size=\"+1\"><br \/>                                    <\/font>                                    <\/p>\n<p><font size=\"+1\">\u00a0<img loading=\"lazy\" decoding=\"async\"  src=\"http:\/\/kupfer.r-noetzold.de\/wp-content\/uploads\/2024\/09\/zsNNVfcQaX0NsSAv.jpg\" alt=\"\" width=\"542\"                                          height=\"921\"><\/font><\/p>\n<\/p><\/div>\n<div class=\"moz-forward-container\"><font                                      size=\"+1\"><br \/>                                    <\/font><\/div>\n<div class=\"moz-forward-container\"><font                                      size=\"+1\"><br \/>                                    <\/font><\/div>\n<div class=\"moz-forward-container\"> <font                                      size=\"+1\"> Radierung 2007-01\u00a0\u00a0                                      &#8222;Dialog&#8220;<br \/>                                    <\/font><\/div>\n<div class=\"moz-forward-container\"><font                                      size=\"+1\">Gr\u00f6\u00dfe: 10 * 17<\/font><font                                      size=\"4\"><span                                        style=\"font-family: Arial;\"> cm<\/span><\/font><!--[if gte mso 9]><xml>   <w:WordDocument>    <w:View>Normal<\/w:View>    <w:Zoom>0<\/w:Zoom>    <w:HyphenationZone>21<\/w:HyphenationZone>    <w:Compatibility>     <w:BreakWrappedTables\/>     <w:SnapToGridInCell\/>     <w:WrapTextWithPunct\/>     <w:UseAsianBreakRules\/>    <\/w:Compatibility>    <w:BrowserLevel>MicrosoftInternetExplorer4<\/w:BrowserLevel>   <\/w:WordDocument>  <\/xml><![endif]--><!--[if gte mso 10]>  \n\n<style>   \/* Style Definitions *\/   table.MsoNormalTable  \t{mso-style-name:\"Normale Tabelle\";  \tmso-tstyle-rowband-size:0;  \tmso-tstyle-colband-size:0;  \tmso-style-noshow:yes;  \tmso-style-parent:\"\";  \tmso-padding-alt:0cm 5.4pt 0cm 5.4pt;  \tmso-para-margin:0cm;  \tmso-para-margin-bottom:.0001pt;  \tmso-pagination:widow-orphan;  \tfont-size:10.0pt;  \tfont-family:\"Times New Roman\";}  <\/style>\n\n  <![endif]--><font size=\"+1\"><br \/>                                      Technik: Strich\u00e4tzung, Kaltnadel<\/font><\/div>\n<\/p><\/div>\n<\/p><\/div>\n<\/p><\/div>\n<\/p><\/div>\n<\/p><\/div>\n<\/p><\/div>\n<\/p><\/div>\n<\/p><\/div>\n<\/p><\/div>\n<\/p><\/div>\n<\/p><\/div>\n<\/p><\/div>\n<\/p><\/div>\n<\/p><\/div>\n<\/p><\/div>\n<\/div>\n","protected":false},"excerpt":{"rendered":"<p>RADIERUNG DER WOCHE \u00a0 &#8211; 109 &#8211; \u00a0 Radierung 2007-01\u00a0\u00a0 &#8222;Dialog&#8220; Gr\u00f6\u00dfe: 10 * 17 cm Technik: Strich\u00e4tzung, Kaltnadel<\/p>\n","protected":false},"author":1,"featured_media":0,"comment_status":"open","ping_status":"open","sticky":false,"template":"","format":"standard","meta":{"footnotes":""},"categories":[7],"tags":[],"_links":{"self":[{"href":"http:\/\/kupfer.r-noetzold.de\/index.php?rest_route=\/wp\/v2\/posts\/373"}],"collection":[{"href":"http:\/\/kupfer.r-noetzold.de\/index.php?rest_route=\/wp\/v2\/posts"}],"about":[{"href":"http:\/\/kupfer.r-noetzold.de\/index.php?rest_route=\/wp\/v2\/types\/post"}],"author":[{"embeddable":true,"href":"http:\/\/kupfer.r-noetzold.de\/index.php?rest_route=\/wp\/v2\/users\/1"}],"replies":[{"embeddable":true,"href":"http:\/\/kupfer.r-noetzold.de\/index.php?rest_route=%2Fwp%2Fv2%2Fcomments&post=373"}],"version-history":[{"count":0,"href":"http:\/\/kupfer.r-noetzold.de\/index.php?rest_route=\/wp\/v2\/posts\/373\/revisions"}],"wp:attachment":[{"href":"http:\/\/kupfer.r-noetzold.de\/index.php?rest_route=%2Fwp%2Fv2%2Fmedia&parent=373"}],"wp:term":[{"taxonomy":"category","embeddable":true,"href":"http:\/\/kupfer.r-noetzold.de\/index.php?rest_route=%2Fwp%2Fv2%2Fcategories&post=373"},{"taxonomy":"post_tag","embeddable":true,"href":"http:\/\/kupfer.r-noetzold.de\/index.php?rest_route=%2Fwp%2Fv2%2Ftags&post=373"}],"curies":[{"name":"wp","href":"https:\/\/api.w.org\/{rel}","templated":true}]}}